{"id":33,"date":"2013-10-30T11:54:00","date_gmt":"2013-10-30T11:54:00","guid":{"rendered":"https:\/\/biere.alereno.org\/?p=33"},"modified":"2014-10-17T14:47:26","modified_gmt":"2014-10-17T12:47:26","slug":"cuvee-n-6-weizen-iii","status":"publish","type":"post","link":"https:\/\/biere.alereno.org\/?p=33","title":{"rendered":"Cuv\u00e9e n\u00b0 6 : Weizen III"},"content":{"rendered":"<p><a href=\"https:\/\/biere.alereno.org\/wp-content\/uploads\/2014\/10\/IMG_9583.jpg\"><img loading=\"lazy\" class=\"alignnone size-full wp-image-100\" alt=\"Cuv\u00e9e 6\" src=\"https:\/\/biere.alereno.org\/wp-content\/uploads\/2014\/10\/IMG_9583.jpg\" width=\"1024\" height=\"683\" srcset=\"https:\/\/biere.alereno.org\/wp-content\/uploads\/2014\/10\/IMG_9583.jpg 1024w, https:\/\/biere.alereno.org\/wp-content\/uploads\/2014\/10\/IMG_9583-300x200.jpg 300w\" sizes=\"(max-width: 1024px) 100vw, 1024px\" \/><\/a><\/p>\n<p>Troisi\u00e8me Weizen ! Brass\u00e9e comme la <a title=\"Cuv\u00e9e n\u00b0 4 : Weizen again!\" href=\"https:\/\/biere.alereno.org\/?p=28\">pr\u00e9c\u00e9dente <\/a>aurait du l&rsquo;\u00eatre : c&rsquo;est \u00e0 dire avec un extrait de malt de bl\u00e9&#8230; J&rsquo;ai utilis\u00e9 la levure lav\u00e9 de la cuv\u00e9 pr\u00e9c\u00e9dente, pour \u00e9conomiser un pack de Weihenstefan \u00e0 10 CHF.<\/p>\n<p>Les premi\u00e8res d\u00e9gustations sont d\u00e9cevantes, la bi\u00e8re n&rsquo;a pas de gaz. Me serais-je loup\u00e9 quelque part ?<\/p>\n<p>Je d\u00e9cide de laisser la bi\u00e8re au chaud pendant quelques temps (finalement 3 mois !), en me disant qu&rsquo;il n&rsquo;y avait peut-\u00eatre pas suffisamment de levures r\u00e9siduelles dans la bi\u00e8re pour pouvoir correctement faire la refermentation en bouteille. Et finalement, \u00e7\u00e0 semble avoir \u00e9t\u00e9 la solution du probl\u00e8me : en mars 2014, cette bi\u00e8re est une bonne blanche.<\/p>\n<p>&nbsp;<\/p>\n","protected":false},"excerpt":{"rendered":"<p>Troisi\u00e8me Weizen ! Brass\u00e9e comme la pr\u00e9c\u00e9dente aurait du l&rsquo;\u00eatre : c&rsquo;est \u00e0 dire avec un extrait de malt de bl\u00e9&#8230; J&rsquo;ai utilis\u00e9 la levure lav\u00e9 de la cuv\u00e9 pr\u00e9c\u00e9dente, pour \u00e9conomiser un pack de Weihenstefan \u00e0 10 CHF. Les premi\u00e8res d\u00e9gustations sont d\u00e9cevantes, la bi\u00e8re n&rsquo;a pas de gaz. Me serais-je loup\u00e9 quelque part &hellip; <a href=\"https:\/\/biere.alereno.org\/?p=33\" class=\"more-link\">Continuer la lecture de <span class=\"screen-reader-text\">Cuv\u00e9e n\u00b0 6 : Weizen III<\/span> <span class=\"meta-nav\">&rarr;<\/span><\/a><\/p>\n","protected":false},"author":1,"featured_media":0,"comment_status":"open","ping_status":"open","sticky":false,"template":"","format":"standard","meta":[],"categories":[1,2],"tags":[],"_links":{"self":[{"href":"https:\/\/biere.alereno.org\/index.php?rest_route=\/wp\/v2\/posts\/33"}],"collection":[{"href":"https:\/\/biere.alereno.org\/index.php?rest_route=\/wp\/v2\/posts"}],"about":[{"href":"https:\/\/biere.alereno.org\/index.php?rest_route=\/wp\/v2\/types\/post"}],"author":[{"embeddable":true,"href":"https:\/\/biere.alereno.org\/index.php?rest_route=\/wp\/v2\/users\/1"}],"replies":[{"embeddable":true,"href":"https:\/\/biere.alereno.org\/index.php?rest_route=%2Fwp%2Fv2%2Fcomments&post=33"}],"version-history":[{"count":2,"href":"https:\/\/biere.alereno.org\/index.php?rest_route=\/wp\/v2\/posts\/33\/revisions"}],"predecessor-version":[{"id":128,"href":"https:\/\/biere.alereno.org\/index.php?rest_route=\/wp\/v2\/posts\/33\/revisions\/128"}],"wp:attachment":[{"href":"https:\/\/biere.alereno.org\/index.php?rest_route=%2Fwp%2Fv2%2Fmedia&parent=33"}],"wp:term":[{"taxonomy":"category","embeddable":true,"href":"https:\/\/biere.alereno.org\/index.php?rest_route=%2Fwp%2Fv2%2Fcategories&post=33"},{"taxonomy":"post_tag","embeddable":true,"href":"https:\/\/biere.alereno.org\/index.php?rest_route=%2Fwp%2Fv2%2Ftags&post=33"}],"curies":[{"name":"wp","href":"https:\/\/api.w.org\/{rel}","templated":true}]}}